{"id":11270,"date":"2024-11-21T07:40:00","date_gmt":"2024-11-21T06:40:00","guid":{"rendered":"https:\/\/nostromo.fr\/Inea\/?p=11270"},"modified":"2024-11-25T15:27:54","modified_gmt":"2024-11-25T14:27:54","slug":"inauguration-de-limmeuble-cyberplace-a-rennes","status":"publish","type":"post","link":"https:\/\/nostromo.fr\/Inea\/inauguration-de-limmeuble-cyberplace-a-rennes\/","title":{"rendered":"Inauguration de l&rsquo;immeuble Cyberplace \u00e0 Rennes"},"content":{"rendered":"\n<p>L&rsquo;inauguration de l&rsquo;immeuble Cyberplace \u00e0 Cesson-S\u00e9vign\u00e9 s&rsquo;est d\u00e9roul\u00e9e le 18 novembre 2024, \u00e0 l&rsquo;occasion de l&rsquo;European Cyber Week \u00e0 Rennes, en pr\u00e9sence de Clara Chappaz, secr\u00e9taire d&rsquo;\u00c9tat charg\u00e9e de l&rsquo;Intelligence artificielle et du Num\u00e9rique, de Lo\u00efg Chesnay-Girard, pr\u00e9sident de la r\u00e9gion Bretagne, Nathalie App\u00e9r\u00e9, maire de Rennes et pr\u00e9sidente de Rennes M\u00e9tropole, Amaury de Saint-Quentin, pr\u00e9fet de la r\u00e9gion Bretagne et de Jean-Pierre Savignac, maire de Cesson-S\u00e9vign\u00e9.<\/p>\n\n\n\n<p>Cet immeuble innovant (environ 7 670 m<sup style=\"line-height:0;\">2<\/sup>) illustre parfaitement la raison d&rsquo;\u00eatre d&rsquo;INEA \u2013 contribuer \u00e0 l&rsquo;essor \u00e9conomique des territoires en favorisant le d\u00e9veloppement d&rsquo;un immobilier tertiaire durable \u2013 avec la dimension suppl\u00e9mentaire de la cybers\u00e9curit\u00e9.<\/p>\n\n\n\n<p>Il s&rsquo;agit d&rsquo;une offre immobili\u00e8re unique r\u00e9pondant aux besoins d&rsquo;une fili\u00e8re cyber en plein essor, soutenue par Rennes M\u00e9tropole, propri\u00e9taire d&rsquo;un plateau de l&rsquo;immeuble.<\/p>\n\n\n\n<figure class=\"wp-block-video\"><video height=\"1080\" style=\"aspect-ratio: 1920 \/ 1080;\" width=\"1920\" controls poster=\"https:\/\/nostromo.fr\/Inea\/wp-content\/uploads\/2024\/11\/INEA-Cyberplace-video-thumb.jpg\" src=\"https:\/\/nostromo.fr\/Inea\/wp-content\/uploads\/2024\/11\/Cyberplace-V4-Sound-HD.mp4\"><\/video><\/figure>\n\n\n\n<p><\/p>\n","protected":false},"excerpt":{"rendered":"<p>L&rsquo;inauguration de l&rsquo;immeuble Cyberplace \u00e0 Cesson-S\u00e9vign\u00e9 s&rsquo;est d\u00e9roul\u00e9e le 18 novembre 2024, \u00e0 l&rsquo;occasion de l&rsquo;European Cyber Week \u00e0 Rennes, en pr\u00e9sence de Clara Chappaz, secr\u00e9taire d&rsquo;\u00c9tat charg\u00e9e de l&rsquo;Intelligence [&hellip;]<\/p>\n","protected":false},"author":3,"featured_media":10686,"comment_status":"closed","ping_status":"closed","sticky":false,"template":"","format":"standard","meta":{"_acf_changed":false,"inline_featured_image":false,"footnotes":""},"categories":[1],"tags":[],"class_list":["post-11270","post","type-post","status-publish","format-standard","has-post-thumbnail","hentry","category-communiques"],"acf":[],"_links":{"self":[{"href":"https:\/\/nostromo.fr\/Inea\/wp-json\/wp\/v2\/posts\/11270","targetHints":{"allow":["GET"]}}],"collection":[{"href":"https:\/\/nostromo.fr\/Inea\/wp-json\/wp\/v2\/posts"}],"about":[{"href":"https:\/\/nostromo.fr\/Inea\/wp-json\/wp\/v2\/types\/post"}],"author":[{"embeddable":true,"href":"https:\/\/nostromo.fr\/Inea\/wp-json\/wp\/v2\/users\/3"}],"replies":[{"embeddable":true,"href":"https:\/\/nostromo.fr\/Inea\/wp-json\/wp\/v2\/comments?post=11270"}],"version-history":[{"count":1,"href":"https:\/\/nostromo.fr\/Inea\/wp-json\/wp\/v2\/posts\/11270\/revisions"}],"predecessor-version":[{"id":11272,"href":"https:\/\/nostromo.fr\/Inea\/wp-json\/wp\/v2\/posts\/11270\/revisions\/11272"}],"wp:featuredmedia":[{"embeddable":true,"href":"https:\/\/nostromo.fr\/Inea\/wp-json\/wp\/v2\/media\/10686"}],"wp:attachment":[{"href":"https:\/\/nostromo.fr\/Inea\/wp-json\/wp\/v2\/media?parent=11270"}],"wp:term":[{"taxonomy":"category","embeddable":true,"href":"https:\/\/nostromo.fr\/Inea\/wp-json\/wp\/v2\/categories?post=11270"},{"taxonomy":"post_tag","embeddable":true,"href":"https:\/\/nostromo.fr\/Inea\/wp-json\/wp\/v2\/tags?post=11270"}],"curies":[{"name":"wp","href":"https:\/\/api.w.org\/{rel}","templated":true}]}}