{"id":11325,"date":"2024-12-18T16:05:11","date_gmt":"2024-12-18T15:05:11","guid":{"rendered":"https:\/\/nostromo.fr\/Inea\/?p=11325"},"modified":"2024-12-18T16:08:02","modified_gmt":"2024-12-18T15:08:02","slug":"inea-et-serenysun-devoilent-la-communaute-denergie-renouvelable-notre-energie-merignac","status":"publish","type":"post","link":"https:\/\/nostromo.fr\/Inea\/inea-et-serenysun-devoilent-la-communaute-denergie-renouvelable-notre-energie-merignac\/","title":{"rendered":"INEA et SerenySun d\u00e9voilent la communaut\u00e9 d&rsquo;\u00e9nergie renouvelable Notre \u00e9nergie M\u00e9rignac"},"content":{"rendered":"\n<p>SerenySun, leader des communaut\u00e9s d\u2019\u00e9nergie renouvelable en France et sp\u00e9cialiste des circuits courts de l\u2019\u00e9nergie, d\u00e9voile sa toute derni\u00e8re op\u00e9ration, Notre \u00e9nergie M\u00e9rignac. Implant\u00e9e au coeur du parc \u00e9conomique et environnemental Ecosph\u2019Air, pr\u00e8s de Bordeaux, cette communaut\u00e9 d\u2019\u00e9nergie renouvelable s\u2019inscrit dans le partenariat sign\u00e9 entre SerenySun et Fonci\u00e8re INEA, sp\u00e9cialiste de l\u2019immobilier tertiaire en r\u00e9gions et leader du Green Building. Ce dernier a pour objectif de d\u00e9ployer des communaut\u00e9s d\u2019\u00e9nergie sur le patrimoine de la fonci\u00e8re et ainsi assurer la production locale d\u2019\u00e9nergie sur tout le territoire.<\/p>\n\n\n\n<p>Notre \u00e9nergie M\u00e9rignac repose sur les ensembles tertiaires ARKO et OLEA, d\u00e9velopp\u00e9s par le promoteur Aventim et propri\u00e9t\u00e9s d\u2019INEA et de sa filiale Flex Park. Encore en travaux, la communaut\u00e9 sera mise en service au 1<sup>er<\/sup> trimestre 2025, pour une puissance totale de production de 830 kWc. \u00c0 terme, SerenySun entend prospecter de nouveaux fonciers afin de maximiser la production photovolta\u00efque et ainsi faire profiter au plus grand nombre d\u2019une \u00e9nergie verte locale, \u00e0 co\u00fbt ma\u00eetris\u00e9.<\/p>\n\n\n\n<h2 class=\"wp-block-heading\">M\u00e9rignac accueille une nouvelle communaut\u00e9 d\u2019\u00e9nergie sign\u00e9e SerenySun<\/h2>\n\n\n\n<p>Apr\u00e8s Cabri\u00e8s-Calas, Lyon ou encore Toulouse, c\u2019est proche de Bordeaux que SerenySun poursuit son d\u00e9veloppement. Derni\u00e8re n\u00e9e des projets de communaut\u00e9s d\u2019\u00e9nergie renouvelable, Notre \u00e9nergie M\u00e9rignac sera mise en service au 1<sup>er<\/sup> trimestre 2025, \u00e0 M\u00e9rignac, au coeur de la Gironde. Cette initiative vise \u00e0 produire une \u00e9nergie verte locale, partag\u00e9e entre les acteurs du territoire dans le cadre d\u2019une op\u00e9ration d\u2019autoconsommation collective.<\/p>\n\n\n\n<p>L\u2019op\u00e9ration repose sur deux programmes tertiaires d\u00e9velopp\u00e9s par le promoteur et am\u00e9nageur immobilier Aventim sur le parc Ecosph\u2019Air : ARKO et OLEA. Les deux b\u00e2timents ont \u00e9t\u00e9 con\u00e7us dans une d\u00e9marche ded\u00e9veloppement durable et sont dor\u00e9navant la propri\u00e9t\u00e9 de Fonci\u00e8re INEA, partenaire de SerenySun dans le d\u00e9ploiement de ces communaut\u00e9s d\u2019\u00e9nergie.<\/p>\n\n\n\n<p>Ainsi, l\u2019op\u00e9ration s\u2019appuie sur :<\/p>\n\n\n\n<ul class=\"wp-block-list\">\n<li>L\u2019int\u00e9gration de la centrale photovolta\u00efque existante de l&rsquo;ensemble tertiaire ARKO, propri\u00e9t\u00e9 d&rsquo;INEA, avec une puissance de production de 260 kWc et une production annuelle estim\u00e9e \u00e0 290 MWh,<\/li>\n\n\n\n<li>La solarisation des toitures de l\u2019ensemble tertiaire OLEA, propri\u00e9t\u00e9 de Flex Park, avec l\u2019installation de 1 261 panneaux photovolta\u00efques couvrant 2 500 m\u00b2, offrant une puissance de production totale de 570 kWc et une production annuelle de 630 MWh.<\/li>\n<\/ul>\n\n\n\n<p>En combinant les deux installations, Notre \u00e9nergie M\u00e9rignac affichera une puissance totale de production de 830 kWc, avec une production annuelle estim\u00e9e \u00e0 920 MWh, soit l\u2019\u00e9quivalent de la consommation annuelle de 370 foyers (hors chauffage \u00e9lectrique). Les \u00e9quipes de SerenySun d\u00e9butent actuellement la pr\u00e9-commercialisation. Particuliers et entreprises peuvent d\u00e9j\u00e0 s&rsquo;inscrire sur le site internet.<\/p>\n\n\n\n<p>Donald Fran\u00e7ois, Pr\u00e9sident de SerenySun, d\u00e9clare\u00a0:\u00a0 \u00ab\u00a0<em>Nous sommes extr\u00eamement fiers de d\u00e9voiler aujourd\u2019hui notre tout dernier projet de communaut\u00e9 d\u2019\u00e9nergie. Il illustre un pas concret et ambitieux vers une transition \u00e9nerg\u00e9tique durable et solidaire et incarne notre vision d\u2019un futur \u00e9nerg\u00e9tique plus respectueux de l\u2019environnement, plus inclusif et plus local. En rassemblant les citoyens, les entreprises et les acteurs publics autour d\u2019un objectif commun, nous cr\u00e9ons un mod\u00e8le vertueux, transposable \u00e0 tous les territoires. Notre \u00e9nergie M\u00e9rignac est un premier projet en Nouvelle-Aquitaine, d\u2019autres suivront, forts du soutien des collectivit\u00e9s locales, que nous remercions.<\/em>\u00a0\u00bb<\/p>\n\n\n\n<h2 class=\"wp-block-heading\">Une r\u00e9ponse concr\u00e8te aux enjeux de transition \u00e9nerg\u00e9tique actuels<\/h2>\n\n\n\n<p>En s\u2019inscrivant dans une d\u00e9marche de Responsabilit\u00e9 Soci\u00e9tale des Entreprises (RSE), Notre \u00e9nergie M\u00e9rignac apporte une solution concr\u00e8te, accessible et durable aux d\u00e9fis actuels de la transition \u00e9nerg\u00e9tique, alliant les enjeux environnementaux, \u00e9conomiques et soci\u00e9taux. En rassemblant les citoyens, les entreprises et les acteurs publics &#8211; situ\u00e9s dans le p\u00e9rim\u00e8tre d\u2019autoconsommation collective de 2 km de diam\u00e8tre &#8211; autour d\u2019un objectif commun et f\u00e9d\u00e9rateur, SerenySun propose un mod\u00e8le qui optimise la production et la consommation d\u2019\u00e9nergie renouvelable.<\/p>\n\n\n\n<p>Fruit du partenariat entre INEA, sp\u00e9cialiste de l\u2019immobilier tertiaire en r\u00e9gions et leader du G reen Building, etSerenySun, pionnier des circuits courts de l\u2019\u00e9nergie, ce projet peut \u00e9galement compter sur le soutien desacteurs territoriaux. L\u2019autoconsommation collective s\u2019impose aujourd\u2019hui comme une priorit\u00e9 strat\u00e9giqueinscrite au coeur des politiques publiques, r\u00e9pondant \u00e0 la fois aux imp\u00e9ratifs environnementaux, \u00e9conomiques et sociaux.<\/p>\n\n\n\n<p>Karine Dachary, Directrice g\u00e9n\u00e9rale adjointe d\u2019INEA, pr\u00e9cise\u00a0: \u00ab\u00a0<em>Avec cette nouvelle op\u00e9ration d\u2019autoconsommation collective d\u00e9velopp\u00e9e sur notre patrimoine, nous continuons \u00e0 am\u00e9liorer la valeur verte de notre parc immobilier, nous apportons un nouveau service \u00e0 nos locataires et nous renfor\u00e7ons notre impact soci\u00e9tal dans les m\u00e9tropoles r\u00e9gionales dans lesquelles nous investissons. A M\u00e9rignac, nous poursuivons ainsi les ambitions environnementales initiales port\u00e9es par l\u2019am\u00e9nageur et le promoteur pour le parc Ecosph\u2019Air.<\/em>\u00a0\u00bb<br><\/p>\n\n\n\n<h3 class=\"wp-block-heading\">L\u2019info en plus<\/h3>\n\n\n\n<p>SerenySun d\u00e9veloppe actuellement deux autres op\u00e9rations d\u2019autoconsommation collective \u00e0 proximit\u00e9, sur deux autres immeubles d&rsquo;INEA. Toutes deux situ\u00e9es au coeur de Bordeaux M\u00e9tropole, la premi\u00e8re est situ\u00e9e dans la commune de Pessac et la seconde \u00e0 Lormont. De plus petite envergure, ces communaut\u00e9s sont tout autant int\u00e9ressantes : elles permettront aux acteurs de ces territoire de consommer une \u00e9nergie verte locale.<br><br><\/p>\n\n\n\n<p><a href=\"https:\/\/nostromo.fr\/Inea\/wp-content\/uploads\/2024\/12\/2024-12-CP-SerenySun-Notre-energie-Merignac.pdf\" target=\"_blank\" rel=\"noreferrer noopener\">T\u00e9l\u00e9charger le communiqu\u00e9<\/a><\/p>\n","protected":false},"excerpt":{"rendered":"<p>SerenySun, leader des communaut\u00e9s d\u2019\u00e9nergie renouvelable en France et sp\u00e9cialiste des circuits courts de l\u2019\u00e9nergie, d\u00e9voile sa toute derni\u00e8re op\u00e9ration, Notre \u00e9nergie M\u00e9rignac. Implant\u00e9e au coeur du parc \u00e9conomique et [&hellip;]<\/p>\n","protected":false},"author":3,"featured_media":11326,"comment_status":"closed","ping_status":"closed","sticky":false,"template":"","format":"standard","meta":{"_acf_changed":false,"inline_featured_image":false,"footnotes":""},"categories":[1],"tags":[],"class_list":["post-11325","post","type-post","status-publish","format-standard","has-post-thumbnail","hentry","category-communiques"],"acf":[],"_links":{"self":[{"href":"https:\/\/nostromo.fr\/Inea\/wp-json\/wp\/v2\/posts\/11325","targetHints":{"allow":["GET"]}}],"collection":[{"href":"https:\/\/nostromo.fr\/Inea\/wp-json\/wp\/v2\/posts"}],"about":[{"href":"https:\/\/nostromo.fr\/Inea\/wp-json\/wp\/v2\/types\/post"}],"author":[{"embeddable":true,"href":"https:\/\/nostromo.fr\/Inea\/wp-json\/wp\/v2\/users\/3"}],"replies":[{"embeddable":true,"href":"https:\/\/nostromo.fr\/Inea\/wp-json\/wp\/v2\/comments?post=11325"}],"version-history":[{"count":4,"href":"https:\/\/nostromo.fr\/Inea\/wp-json\/wp\/v2\/posts\/11325\/revisions"}],"predecessor-version":[{"id":11330,"href":"https:\/\/nostromo.fr\/Inea\/wp-json\/wp\/v2\/posts\/11325\/revisions\/11330"}],"wp:featuredmedia":[{"embeddable":true,"href":"https:\/\/nostromo.fr\/Inea\/wp-json\/wp\/v2\/media\/11326"}],"wp:attachment":[{"href":"https:\/\/nostromo.fr\/Inea\/wp-json\/wp\/v2\/media?parent=11325"}],"wp:term":[{"taxonomy":"category","embeddable":true,"href":"https:\/\/nostromo.fr\/Inea\/wp-json\/wp\/v2\/categories?post=11325"},{"taxonomy":"post_tag","embeddable":true,"href":"https:\/\/nostromo.fr\/Inea\/wp-json\/wp\/v2\/tags?post=11325"}],"curies":[{"name":"wp","href":"https:\/\/api.w.org\/{rel}","templated":true}]}}