{"id":11865,"date":"2025-06-04T07:58:37","date_gmt":"2025-06-04T05:58:37","guid":{"rendered":"https:\/\/nostromo.fr\/Inea\/?p=11865"},"modified":"2025-06-04T09:25:52","modified_gmt":"2025-06-04T07:25:52","slug":"communique-pre-assemblee-generale","status":"publish","type":"post","link":"https:\/\/nostromo.fr\/Inea\/communique-pre-assemblee-generale\/","title":{"rendered":"Communiqu\u00e9"},"content":{"rendered":"\n<p>INEA (ISIN&nbsp;: FR0010341032), acteur de r\u00e9f\u00e9rence de l\u2019immobilier tertiaire en R\u00e9gions et leader du Green Building, informe que le 28 mai 2025, plusieurs actionnaires de la Soci\u00e9t\u00e9 agissant de concert et li\u00e9s \u00e0 un administrateur et au censeur ont adress\u00e9 au Pr\u00e9sident-Directeur g\u00e9n\u00e9ral de la Soci\u00e9t\u00e9 des questions \u00e9crites portant sur la gouvernance et la nouvelle convention de gestion administrative et immobili\u00e8re conclue entre INEA et la soci\u00e9t\u00e9 GEST le 15 mai 2024 (la \u00ab&nbsp;Convention GEST&nbsp;\u00bb).<\/p>\n\n\n\n<p>La Soci\u00e9t\u00e9 note que ces questions ont d\u2019ores et d\u00e9j\u00e0 \u00e9t\u00e9 soulev\u00e9es, et que des r\u00e9ponses circonstanci\u00e9es y ont \u00e9t\u00e9 apport\u00e9es, lors de diff\u00e9rentes r\u00e9unions du conseil d\u2019administration (notamment celles qui se sont tenues \u00e0 l\u2019occasion de la ren\u00e9gociation de la Convention GEST \u00e0 laquelle l\u2019administrateur et le censeur concern\u00e9s ont pleinement particip\u00e9).<\/p>\n\n\n\n<p>Conform\u00e9ment \u00e0 ses obligations l\u00e9gales, le conseil d\u2019administration s\u2019est r\u00e9uni le 3 juin 2025 afin d\u2019approuver les r\u00e9ponses \u00e0 ces questions \u00e9crites, qui seront accessibles sur le site internet de la Soci\u00e9t\u00e9, et de prendre acte du diff\u00e9rend qui oppose cet administrateur et le censeur, d\u2019une part, et la direction de la Soci\u00e9t\u00e9 ainsi que la majorit\u00e9 des autres membres du conseil d\u2019administration, d\u2019autre part.<\/p>\n\n\n\n<p>La direction et le conseil d\u2019administration d\u2019INEA sont pleinement mobilis\u00e9s afin de parvenir \u00e0 une position commune associant l\u2019ensemble des administrateurs et permettant de pr\u00e9server les int\u00e9r\u00eats d\u2019INEA.<br><\/p>\n\n\n\n<p><a href=\"https:\/\/nostromo.fr\/Inea\/wp-content\/uploads\/2025\/06\/CP-INEA-du-040625.pdf\" target=\"_blank\" rel=\"noreferrer noopener\">T\u00e9l\u00e9charger le communiqu\u00e9<\/a><\/p>\n\n\n\n<p><\/p>\n","protected":false},"excerpt":{"rendered":"<p>INEA (ISIN&nbsp;: FR0010341032), acteur de r\u00e9f\u00e9rence de l\u2019immobilier tertiaire en R\u00e9gions et leader du Green Building, informe que le 28 mai 2025, plusieurs actionnaires de la Soci\u00e9t\u00e9 agissant de concert [&hellip;]<\/p>\n","protected":false},"author":3,"featured_media":0,"comment_status":"closed","ping_status":"closed","sticky":false,"template":"","format":"standard","meta":{"_acf_changed":false,"inline_featured_image":false,"footnotes":""},"categories":[1],"tags":[],"class_list":["post-11865","post","type-post","status-publish","format-standard","hentry","category-communiques"],"acf":[],"_links":{"self":[{"href":"https:\/\/nostromo.fr\/Inea\/wp-json\/wp\/v2\/posts\/11865","targetHints":{"allow":["GET"]}}],"collection":[{"href":"https:\/\/nostromo.fr\/Inea\/wp-json\/wp\/v2\/posts"}],"about":[{"href":"https:\/\/nostromo.fr\/Inea\/wp-json\/wp\/v2\/types\/post"}],"author":[{"embeddable":true,"href":"https:\/\/nostromo.fr\/Inea\/wp-json\/wp\/v2\/users\/3"}],"replies":[{"embeddable":true,"href":"https:\/\/nostromo.fr\/Inea\/wp-json\/wp\/v2\/comments?post=11865"}],"version-history":[{"count":2,"href":"https:\/\/nostromo.fr\/Inea\/wp-json\/wp\/v2\/posts\/11865\/revisions"}],"predecessor-version":[{"id":11870,"href":"https:\/\/nostromo.fr\/Inea\/wp-json\/wp\/v2\/posts\/11865\/revisions\/11870"}],"wp:attachment":[{"href":"https:\/\/nostromo.fr\/Inea\/wp-json\/wp\/v2\/media?parent=11865"}],"wp:term":[{"taxonomy":"category","embeddable":true,"href":"https:\/\/nostromo.fr\/Inea\/wp-json\/wp\/v2\/categories?post=11865"},{"taxonomy":"post_tag","embeddable":true,"href":"https:\/\/nostromo.fr\/Inea\/wp-json\/wp\/v2\/tags?post=11865"}],"curies":[{"name":"wp","href":"https:\/\/api.w.org\/{rel}","templated":true}]}}