{"id":11931,"date":"2025-07-30T09:00:00","date_gmt":"2025-07-30T07:00:00","guid":{"rendered":"https:\/\/nostromo.fr\/Inea\/?p=11931"},"modified":"2025-07-29T22:46:11","modified_gmt":"2025-07-29T20:46:11","slug":"notre-energie-saint-eloi-serenysun-et-inea-deploient-une-communaute-denergie-renouvelable-de-grande-ampleur-en-seine-et-marne","status":"publish","type":"post","link":"https:\/\/nostromo.fr\/Inea\/notre-energie-saint-eloi-serenysun-et-inea-deploient-une-communaute-denergie-renouvelable-de-grande-ampleur-en-seine-et-marne\/","title":{"rendered":"Notre \u00e9nergie Saint Eloi : SerenySun et INEA d\u00e9ploient une communaut\u00e9 d\u2019\u00e9nergie renouvelable de grande ampleur en Seine-et-Marne"},"content":{"rendered":"\n<p>SerenySun, sp\u00e9cialiste des circuits courts de l\u2019\u00e9nergie et leader des communaut\u00e9s d\u2019\u00e9nergie renouvelable en France, annonce le lancement d\u2019un projet d\u2019envergure \u00e0 Chalifert (77), au c\u0153ur de la ZAC du Clos des Haies Saint Eloi. Baptis\u00e9e Notre \u00e9nergie Saint Eloi, cette nouvelle communaut\u00e9 d\u2019\u00e9nergie est d\u00e9velopp\u00e9e en partenariat avec la fonci\u00e8re INEA, sur un parc immobilier d\u2019activit\u00e9s r\u00e9cemment livr\u00e9 \u00e0 sa filiale Flex Park. Elle permettra de produire localement une \u00e9nergie verte mutualis\u00e9e, partag\u00e9e entre acteurs \u00e9conomiques, habitants et structures publiques du territoire.<\/p>\n\n\n\n<p>Notre \u00e9nergie Saint Eloi repose sur un nouveau programme immobilier d\u2019activit\u00e9s situ\u00e9 dans la ZAC du Clos des Haies Saint Eloi \u00e0 Chalifert, d\u00e9velopp\u00e9 par le promoteur Alsei et d\u00e9tenu par la fonci\u00e8re INEA , via sa filiale Flex Park, d\u00e9di\u00e9e aux parcs d\u2019activit\u00e9 nouvelle g\u00e9n\u00e9ration. Ce programme comprend six b\u00e2timents dont les toitures seront solaris\u00e9es pour une puissance totale install\u00e9e de 1 000 kWc. Actuellement en phase de conception, la communaut\u00e9 sera mise en service \u00e0 l\u2019automne 2025. Avec ce projet, SerenySun confirme sa volont\u00e9 de structurer des communaut\u00e9s d\u2019\u00e9nergie \u00e0 grande \u00e9chelle et d\u2019acc\u00e9l\u00e9rer le d\u00e9ploiement d\u2019une \u00e9nergie verte, locale et accessible sur l\u2019ensemble du territoire francilien.<\/p>\n\n\n\n<h2 class=\"wp-block-heading\">Une nouvelle \u00e9tape dans la transition \u00e9nerg\u00e9tique des territoires franciliens<\/h2>\n\n\n\n<p>Apr\u00e8s Lyon, Toulouse ou encore Bordeaux, c\u2019est en \u00cele-de-France et par le prisme de son nouveau projet Notre \u00e9nergie Saint Eloi que SerenySun et INEA poursuivent leur engagement commun au service de la transition \u00e9nerg\u00e9tique locale. Cette communaut\u00e9 d\u2019\u00e9nergie repose sur la solarisation de six b\u00e2timents repr\u00e9sentant une surface totale de 4 400 m\u00b2 de toitures photovolta\u00efques, pour une puissance install\u00e9e de 1 000 kWc. Chaque ann\u00e9e, 972 MWh d\u2019\u00e9lectricit\u00e9 verte seront produits \u00e0 Chalifert, soit l\u2019\u00e9quivalent de la consommation de pr\u00e8s de 390 foyers (hors chauffage).<\/p>\n\n\n\n<p>Ce projet s\u2019inscrit dans la strat\u00e9gie de SerenySun et INEA visant \u00e0 valoriser durablement le patrimoine immobilier tertiaire de la fonci\u00e8re, en favorisant l\u2019autoconsommation collective d\u2019\u00e9lectricit\u00e9. Il est port\u00e9 par la soci\u00e9t\u00e9 commune \u00e0 SerenySun et Flex Park, baptis\u00e9e SerenyFlex. La collaboration \u00e9troite avec le promoteur Alsei, qui a con\u00e7u le programme immobilier dans une logique d\u2019int\u00e9gration environnementale a permis la pose des panneaux photovolta\u00efques durant la phase de construction du site, pour rendre cette nouvelle communaut\u00e9 d\u2019\u00e9nergie op\u00e9rationnelle au plus vite et offrir ce nouveau service aux locataires de Flex Park d\u00e8s leur installation sur site.<\/p>\n\n\n<div class=\"wp-block-image\">\n<figure class=\"aligncenter size-large\"><img loading=\"lazy\" decoding=\"async\" width=\"1024\" height=\"544\" src=\"https:\/\/nostromo.fr\/Inea\/wp-content\/uploads\/2023\/05\/Inea-cp-parc-activite-flex-park-Chalifert-1024x544.jpg\" alt=\"\" class=\"wp-image-10411\" srcset=\"https:\/\/nostromo.fr\/Inea\/wp-content\/uploads\/2023\/05\/Inea-cp-parc-activite-flex-park-Chalifert-1024x544.jpg 1024w, https:\/\/nostromo.fr\/Inea\/wp-content\/uploads\/2023\/05\/Inea-cp-parc-activite-flex-park-Chalifert-300x159.jpg 300w, https:\/\/nostromo.fr\/Inea\/wp-content\/uploads\/2023\/05\/Inea-cp-parc-activite-flex-park-Chalifert-768x408.jpg 768w, https:\/\/nostromo.fr\/Inea\/wp-content\/uploads\/2023\/05\/Inea-cp-parc-activite-flex-park-Chalifert.jpg 1500w\" sizes=\"auto, (max-width: 1024px) 100vw, 1024px\" \/><\/figure>\n<\/div>\n\n\n<p>Donald Fran\u00e7ois, Pr\u00e9sident de SerenySun, d\u00e9clare&nbsp;: \u00ab&nbsp;Nous sommes extr\u00eamement fiers de d\u00e9voiler aujourd\u2019hui notre tout dernier projet de communaut\u00e9 d\u2019\u00e9nergie. Notre \u00e9nergie Saint Eloi incarne pleinement notre vision d\u2019une transition \u00e9nerg\u00e9tique locale, inclusive et r\u00e9siliente. C\u2019est unprojet pionnier pour la Seine-et-Marne, qui allie performance technologique, responsabilit\u00e9 soci\u00e9tale et dynamisme \u00e9conomique.&nbsp;\u00bb<\/p>\n\n\n\n<p>Karine Dachary, Directrice g\u00e9n\u00e9rale adjointe de Fonci\u00e8re INEA, ajoute&nbsp;: \u00ab&nbsp;Nous sommes heureux de poursuivre le d\u00e9ploiement de notre partenariat avec SerenySun visant \u00e0 \u00e9quiper notre patrimoine immobilier \u2013 bureaux comme parcs d\u2019activit\u00e9s &#8211; en centrales photovolta\u00efques, exploit\u00e9es sur le mod\u00e8le de l\u2019autoconsommation collective. Cette nouvelle op\u00e9ration \u00e0 Chalifert renforce la valeur verte de notre site, tout en rendant un service concret \u00e0 nos locataires et aux acteurs du territoire.&nbsp;\u00bb<\/p>\n\n\n\n<h2 class=\"wp-block-heading\">Un mod\u00e8le \u00e9nerg\u00e9tique solidaire et ancr\u00e9 localement<\/h2>\n\n\n\n<p>Notre \u00e9nergie Saint Eloi se distingue par son ancrage territorial fort. Gr\u00e2ce \u00e0 un p\u00e9rim\u00e8tre d\u2019autoconsommation de 2 km, la communaut\u00e9 vise \u00e0 rassembler une grande diversit\u00e9 de consommateurs autour d\u2019un mod\u00e8le de partage de l\u2019\u00e9nergie verte produite localement. Parmi les b\u00e9n\u00e9ficiaires attendus :<\/p>\n\n\n\n<ul class=\"wp-block-list\">\n<li>200 foyers particuliers,<\/li>\n\n\n\n<li>40 entreprises, commerces ou structures associatives,<\/li>\n\n\n\n<li>des \u00e9tablissements publics et collectivit\u00e9s locales.<\/li>\n<\/ul>\n\n\n\n<p>L\u2019\u00e9nergie sera distribu\u00e9e \u00e0 un tarif ma\u00eetris\u00e9 et index\u00e9 annuellement, avec une attention particuli\u00e8re port\u00e9e \u00e0 l\u2019accessibilit\u00e9 pour les particuliers et \u00e0 la stabilit\u00e9 tarifaire pour les entreprises. Ce syst\u00e8me permet de r\u00e9pondre aux enjeux de sobri\u00e9t\u00e9, d\u2019ind\u00e9pendance \u00e9nerg\u00e9tique et de solidarit\u00e9, en compl\u00e9ment des fournisseurs historiques. In fine, SerenySun entend couvrir 20 \u00e0 30% des besoins des participants de Chalifert.<\/p>\n\n\n\n<h2 class=\"wp-block-heading\">Une mise en service pr\u00e9vue d\u00e8s fin 2025<\/h2>\n\n\n\n<p>Le d\u00e9ploiement de la communaut\u00e9 d\u2019\u00e9nergie Notre \u00e9nergie Saint Eloi suit un calendrier rigoureux, t\u00e9moin de l\u2019engagement de ses porteurs \u00e0 structurer une r\u00e9ponse op\u00e9rationnelle aux enjeux de transition \u00e9nerg\u00e9tique du territoire. Apr\u00e8s une phase d\u2019\u00e9tudes techniques, r\u00e9glementaires et de concertation conduite jusqu\u2019\u00e0 la fin de l\u2019ann\u00e9e 2024, les travaux d\u2019installation des \u00e9quipements photovolta\u00efques ont d\u00e9marr\u00e9 au printemps 2025.<\/p>\n\n\n\n<p>Les six b\u00e2timents du programme font l\u2019objet d\u2019une solarisation progressive, int\u00e9grant 2 222 panneaux photovolta\u00efques et dix onduleurs de derni\u00e8re g\u00e9n\u00e9ration. Le raccordement au r\u00e9seau de distribution g\u00e9r\u00e9 par Enedis est pr\u00e9vu en septembre 2025, conditionnant le lancement effectif de l\u2019op\u00e9ration d\u2019autoconsommation collective \u00e0 l\u2019\u00e9chelle locale.<\/p>\n\n\n\n<p>La mise en service compl\u00e8te de la communaut\u00e9 est programm\u00e9e pour novembre 2025, avec pour ambition de d\u00e9livrer d\u00e8s les premi\u00e8res semaines une production d\u2019\u00e9nergie verte mutualis\u00e9e, directement accessible aux habitants, entreprises et acteurs publics situ\u00e9s dans un rayon de deux kilom\u00e8tres autour du site.<br><br><\/p>\n\n\n\n<p><a href=\"https:\/\/nostromo.fr\/Inea\/wp-content\/uploads\/2025\/07\/CP-Notre-energie-Saint-Eloi.pdf\" target=\"_blank\" rel=\"noreferrer noopener\">T\u00e9l\u00e9charger le communiqu\u00e9<\/a><\/p>\n\n\n\n<p><\/p>\n","protected":false},"excerpt":{"rendered":"<p>SerenySun, sp\u00e9cialiste des circuits courts de l\u2019\u00e9nergie et leader des communaut\u00e9s d\u2019\u00e9nergie renouvelable en France, annonce le lancement d\u2019un projet d\u2019envergure \u00e0 Chalifert (77), au c\u0153ur de la ZAC du [&hellip;]<\/p>\n","protected":false},"author":3,"featured_media":10411,"comment_status":"closed","ping_status":"closed","sticky":false,"template":"","format":"standard","meta":{"_acf_changed":false,"inline_featured_image":false,"footnotes":""},"categories":[1],"tags":[],"class_list":["post-11931","post","type-post","status-publish","format-standard","has-post-thumbnail","hentry","category-communiques"],"acf":[],"_links":{"self":[{"href":"https:\/\/nostromo.fr\/Inea\/wp-json\/wp\/v2\/posts\/11931","targetHints":{"allow":["GET"]}}],"collection":[{"href":"https:\/\/nostromo.fr\/Inea\/wp-json\/wp\/v2\/posts"}],"about":[{"href":"https:\/\/nostromo.fr\/Inea\/wp-json\/wp\/v2\/types\/post"}],"author":[{"embeddable":true,"href":"https:\/\/nostromo.fr\/Inea\/wp-json\/wp\/v2\/users\/3"}],"replies":[{"embeddable":true,"href":"https:\/\/nostromo.fr\/Inea\/wp-json\/wp\/v2\/comments?post=11931"}],"version-history":[{"count":2,"href":"https:\/\/nostromo.fr\/Inea\/wp-json\/wp\/v2\/posts\/11931\/revisions"}],"predecessor-version":[{"id":11933,"href":"https:\/\/nostromo.fr\/Inea\/wp-json\/wp\/v2\/posts\/11931\/revisions\/11933"}],"wp:featuredmedia":[{"embeddable":true,"href":"https:\/\/nostromo.fr\/Inea\/wp-json\/wp\/v2\/media\/10411"}],"wp:attachment":[{"href":"https:\/\/nostromo.fr\/Inea\/wp-json\/wp\/v2\/media?parent=11931"}],"wp:term":[{"taxonomy":"category","embeddable":true,"href":"https:\/\/nostromo.fr\/Inea\/wp-json\/wp\/v2\/categories?post=11931"},{"taxonomy":"post_tag","embeddable":true,"href":"https:\/\/nostromo.fr\/Inea\/wp-json\/wp\/v2\/tags?post=11931"}],"curies":[{"name":"wp","href":"https:\/\/api.w.org\/{rel}","templated":true}]}}