{"id":12056,"date":"2025-12-04T09:59:00","date_gmt":"2025-12-04T08:59:00","guid":{"rendered":"https:\/\/nostromo.fr\/Inea\/?p=12056"},"modified":"2025-12-04T10:25:49","modified_gmt":"2025-12-04T09:25:49","slug":"1er-bilan-du-partenariat-inea-x-serenysun","status":"publish","type":"post","link":"https:\/\/nostromo.fr\/Inea\/1er-bilan-du-partenariat-inea-x-serenysun\/","title":{"rendered":"1er bilan du partenariat INEA x SerenySun au service de la transition \u00e9nerg\u00e9tique locale"},"content":{"rendered":"\n<p class=\"has-text-align-center\"><strong>14 centrales photovolta\u00efques en service \/ 16.000 m\u00b2 solaris\u00e9s<br>Premi\u00e8res communaut\u00e9s d\u2019\u00e9nergie actives<\/strong><\/p>\n\n\n\n<figure class=\"wp-block-video\"><video height=\"1080\" style=\"aspect-ratio: 1920 \/ 1080;\" width=\"1920\" controls poster=\"https:\/\/nostromo.fr\/Inea\/wp-content\/uploads\/2025\/12\/Inea-serenysun-video-thumb-4.jpg\" src=\"https:\/\/nostromo.fr\/Inea\/wp-content\/uploads\/2025\/12\/INEA_x_SerenySun_VDEF_HD_web.mp4\"><\/video><\/figure>\n\n\n\n<p>En juin 2024, INEA (ISIN&nbsp;: FR0010341032) &#8211; acteur de r\u00e9f\u00e9rence de l\u2019immobilier tertiaire en R\u00e9gions et leader du Green Building -, et SerenySun &#8211; leader des circuits courts de l\u2019\u00e9nergie -, annon\u00e7aient la signature d\u2019un partenariat visant \u00e0 d\u00e9velopper la production d\u2019\u00e9nergie solaire sur le patrimoine de la fonci\u00e8re (voir <a href=\"https:\/\/nostromo.fr\/Inea\/partenariat-inea-x-serenysun-pour-deployer-des-communautes-denergie-renouvelables-en-france\/\">CP du 18\/06\/24<\/a>).<\/p>\n\n\n\n<p>La fonci\u00e8re souhaitait ainsi maximiser sa contribution \u00e0 la neutralit\u00e9 carbone \u2013 conform\u00e9ment aux engagements inscrits dans sa feuille de route RSE &#8211; et s\u2019appuyait pour cela sur l\u2019expertise de SerenySun, capable de piloter l\u2019ensemble des projets de A \u00e0 Z, depuis le montage des centrales photovolta\u00efques jusqu\u2019\u00e0 la gestion commerciale des communaut\u00e9s de consommateurs, en passant par le financement des infrastructures install\u00e9es.<\/p>\n\n\n\n<p><strong>Un premier d\u00e9ploiement r\u00e9ussi&nbsp;: 14 centrales photovolta\u00efques en service \u00e0 fin 2025<\/strong><\/p>\n\n\n\n<p>Fin 2025, la premi\u00e8re phase de ce partenariat est boucl\u00e9e et 14 centrales photovolta\u00efques sont d\u00e9sormais en service sur l\u2019ensemble du territoire, repr\u00e9sentant 16.000 m\u00b2 de surfaces solaris\u00e9es et 4 MWc de puissance install\u00e9e. La production d\u2019\u00e9lectricit\u00e9 de ces centrales sera de plus de 4 GWh par an, soit la consommation moyenne de plus de 1.000 foyers fran\u00e7ais.<\/p>\n\n\n\n<figure class=\"wp-block-image size-large actu-tableau\"><img loading=\"lazy\" decoding=\"async\" width=\"1024\" height=\"550\" src=\"https:\/\/nostromo.fr\/Inea\/wp-content\/uploads\/2025\/12\/CP-INEA-1er-bilan-Serenysun-image-1024x550.jpg\" alt=\"\" class=\"wp-image-12057\" srcset=\"https:\/\/nostromo.fr\/Inea\/wp-content\/uploads\/2025\/12\/CP-INEA-1er-bilan-Serenysun-image-1024x550.jpg 1024w, https:\/\/nostromo.fr\/Inea\/wp-content\/uploads\/2025\/12\/CP-INEA-1er-bilan-Serenysun-image-300x161.jpg 300w, https:\/\/nostromo.fr\/Inea\/wp-content\/uploads\/2025\/12\/CP-INEA-1er-bilan-Serenysun-image-768x413.jpg 768w, https:\/\/nostromo.fr\/Inea\/wp-content\/uploads\/2025\/12\/CP-INEA-1er-bilan-Serenysun-image.jpg 1500w\" sizes=\"auto, (max-width: 1024px) 100vw, 1024px\" \/><\/figure>\n\n\n\n<p><strong>Le pari gagnant de l\u2019autoconsommation collective<\/strong><\/p>\n\n\n\n<p>Ces centrales photovolta\u00efques sont exploit\u00e9es sur le mod\u00e8le de l\u2019autoconsommation collective, permettant d\u2019alimenter en \u00e9nergie renouvelable les locataires des b\u00e2timents d\u2019INEA et de valoriser le surplus d\u2019\u00e9nergie aupr\u00e8s des consommateurs potentiels implant\u00e9s \u00e0 proximit\u00e9 (entreprises, acteurs publics, particuliers), \u00e0 des prix comp\u00e9titifs car non soumis aux fluctuations du march\u00e9 de l\u2019\u00e9nergie.<\/p>\n\n\n\n<p>Ce choix de l\u2019autoconsommation collective, audacieux il y a deux ans, se r\u00e9v\u00e8le particuli\u00e8rement pertinent aujourd\u2019hui, au regard de la baisse des b\u00e9n\u00e9fices li\u00e9s aux m\u00e9canismes de soutien&nbsp;classiques (revente \u00e0 EDF Obligation d\u2019Achat).<\/p>\n\n\n\n<p>Pour la suite de leur partenariat, INEA et SerenySun entendent faire grandir les communaut\u00e9s d\u2019\u00e9nergie cr\u00e9\u00e9es autour de ces 14 premi\u00e8res centrales et poursuivre la solarisation du patrimoine de la fonci\u00e8re, de mani\u00e8re \u00e0 accroitre le triple impact positif \u2013 territorial, \u00e9conomique et environnemental \u2013 de leur collaboration (pour plus d\u2019informations sur les communaut\u00e9s d\u2019\u00e9nergie&nbsp;actives : <a href=\"https:\/\/serenysun.fr\/communautes\/\">https:\/\/serenysun.fr\/communautes\/<\/a>)<\/p>\n\n\n\n<p><strong>Karine DACHARY, Directrice g\u00e9n\u00e9rale adjointe&nbsp;d\u2019INEA :<\/strong><\/p>\n\n\n\n<p><em>\u00ab&nbsp;La politique de solarisation d\u00e9ploy\u00e9e depuis plus de deux ans sur notre patrimoine traduit notre engagement, pionnier et constant, en faveur du Green Building, et la mise en service effective de nos premi\u00e8res centrales photovolta\u00efques lui donne une r\u00e9sonnance concr\u00e8te. Gr\u00e2ce au partenariat original nou\u00e9 avec SerenySun, nous r\u00e9pondons aux nouvelles exigences r\u00e9glementaires bien s\u00fbr, mais surtout nous p\u00e9rennisons la valeur de nos b\u00e2timents tout en apportant un nouveau service \u00e0 nos locataires et aux territoires dans lesquels nous investissons. \u00bb<\/em><\/p>\n\n\n\n<p><strong>Donald Fran\u00e7ois, Pr\u00e9sident de SerenySun&nbsp;:<\/strong><\/p>\n\n\n\n<p><em>\u00ab&nbsp;Ce partenariat nous permet d&rsquo;acc\u00e9l\u00e9rer notre strat\u00e9gie commune de d\u00e9ploiement d\u2019op\u00e9rations d&rsquo;autoconsommation collective de grande envergure. L&rsquo;objectif est de valoriser localement l&rsquo;\u00e9nergie produite en impliquant les participants dans un projet f\u00e9d\u00e9rateur au niveau du territoire. Pour les locataires d\u2019INEA et autres consommateurs \u00e0 proximit\u00e9, c&rsquo;est une solution cl\u00e9 en main, simple, sans investissement financier, ni installation technique, qui permet en outre une r\u00e9ponse \u00e0 la volatilit\u00e9 des prix de l&rsquo;\u00e9nergie.&nbsp;\u00bb<\/em><br><br><\/p>\n\n\n\n<p><a href=\"https:\/\/nostromo.fr\/Inea\/wp-content\/uploads\/2025\/12\/CP_INEA-SERENYSUN_Bilan-phase-1_VF.pdf\" target=\"_blank\" rel=\"noreferrer noopener\">T\u00e9l\u00e9charger le communiqu\u00e9<\/a><\/p>\n\n\n\n<p><\/p>\n","protected":false},"excerpt":{"rendered":"<p>14 centrales photovolta\u00efques en service \/ 16.000 m\u00b2 solaris\u00e9sPremi\u00e8res communaut\u00e9s d\u2019\u00e9nergie actives En juin 2024, INEA (ISIN&nbsp;: FR0010341032) &#8211; acteur de r\u00e9f\u00e9rence de l\u2019immobilier tertiaire en R\u00e9gions et leader du [&hellip;]<\/p>\n","protected":false},"author":3,"featured_media":12076,"comment_status":"closed","ping_status":"closed","sticky":false,"template":"","format":"standard","meta":{"_acf_changed":false,"inline_featured_image":false,"footnotes":""},"categories":[1],"tags":[],"class_list":["post-12056","post","type-post","status-publish","format-standard","has-post-thumbnail","hentry","category-communiques"],"acf":[],"_links":{"self":[{"href":"https:\/\/nostromo.fr\/Inea\/wp-json\/wp\/v2\/posts\/12056","targetHints":{"allow":["GET"]}}],"collection":[{"href":"https:\/\/nostromo.fr\/Inea\/wp-json\/wp\/v2\/posts"}],"about":[{"href":"https:\/\/nostromo.fr\/Inea\/wp-json\/wp\/v2\/types\/post"}],"author":[{"embeddable":true,"href":"https:\/\/nostromo.fr\/Inea\/wp-json\/wp\/v2\/users\/3"}],"replies":[{"embeddable":true,"href":"https:\/\/nostromo.fr\/Inea\/wp-json\/wp\/v2\/comments?post=12056"}],"version-history":[{"count":8,"href":"https:\/\/nostromo.fr\/Inea\/wp-json\/wp\/v2\/posts\/12056\/revisions"}],"predecessor-version":[{"id":12081,"href":"https:\/\/nostromo.fr\/Inea\/wp-json\/wp\/v2\/posts\/12056\/revisions\/12081"}],"wp:featuredmedia":[{"embeddable":true,"href":"https:\/\/nostromo.fr\/Inea\/wp-json\/wp\/v2\/media\/12076"}],"wp:attachment":[{"href":"https:\/\/nostromo.fr\/Inea\/wp-json\/wp\/v2\/media?parent=12056"}],"wp:term":[{"taxonomy":"category","embeddable":true,"href":"https:\/\/nostromo.fr\/Inea\/wp-json\/wp\/v2\/categories?post=12056"},{"taxonomy":"post_tag","embeddable":true,"href":"https:\/\/nostromo.fr\/Inea\/wp-json\/wp\/v2\/tags?post=12056"}],"curies":[{"name":"wp","href":"https:\/\/api.w.org\/{rel}","templated":true}]}}