{"id":12121,"date":"2026-01-14T08:15:00","date_gmt":"2026-01-14T07:15:00","guid":{"rendered":"https:\/\/nostromo.fr\/Inea\/?p=12121"},"modified":"2026-01-13T16:13:42","modified_gmt":"2026-01-13T15:13:42","slug":"inea-affiche-une-croissance-solide-de-ses-revenus-locatifs-en-2025-a-815-me","status":"publish","type":"post","link":"https:\/\/nostromo.fr\/Inea\/inea-affiche-une-croissance-solide-de-ses-revenus-locatifs-en-2025-a-815-me\/","title":{"rendered":"INEA affiche une croissance solide de ses revenus locatifs en 2025, \u00e0 81,5 M\u20ac (+4,5%)"},"content":{"rendered":"\n<p>INEA (ISIN\u00a0: FR0010341032), acteur de r\u00e9f\u00e9rence de l\u2019immobilier tertiaire en R\u00e9gions et leader du Green Building, enregistre 81,5 M\u20ac<a href=\"#_ftn1\" id=\"_ftnref1\">[1]<\/a> de revenus locatifs bruts sur l\u2019exercice 2025, un chiffre en hausse de 4,5% sur un an.<\/p>\n\n\n\n<p>L\u2019essentiel de la hausse des revenus locatifs (80%) est enregistr\u00e9 \u00e0 p\u00e9rim\u00e8tre constant, notamment gr\u00e2ce \u00e0 une indexation des loyers encore soutenue (+3,5%).<\/p>\n\n\n\n<figure class=\"wp-block-image size-full actu-tableau\"><img loading=\"lazy\" decoding=\"async\" width=\"1200\" height=\"318\" src=\"https:\/\/nostromo.fr\/Inea\/wp-content\/uploads\/2026\/01\/CP_INEA_CA-2025_tableau-1.jpg\" alt=\"\" class=\"wp-image-12122\" srcset=\"https:\/\/nostromo.fr\/Inea\/wp-content\/uploads\/2026\/01\/CP_INEA_CA-2025_tableau-1.jpg 1200w, https:\/\/nostromo.fr\/Inea\/wp-content\/uploads\/2026\/01\/CP_INEA_CA-2025_tableau-1-300x80.jpg 300w, https:\/\/nostromo.fr\/Inea\/wp-content\/uploads\/2026\/01\/CP_INEA_CA-2025_tableau-1-1024x271.jpg 1024w, https:\/\/nostromo.fr\/Inea\/wp-content\/uploads\/2026\/01\/CP_INEA_CA-2025_tableau-1-768x204.jpg 768w\" sizes=\"auto, (max-width: 1200px) 100vw, 1200px\" \/><\/figure>\n\n\n\n<p>A p\u00e9rim\u00e8tre non constant, les 7 immeubles acquis en blanc (VEFA) et entr\u00e9s en exploitation courant 2024 et 2025&nbsp;ont repr\u00e9sent\u00e9 plus de 56.000 m\u00b2 nouveaux, pour des loyers nets potentiels de pr\u00e8s de 8 M\u20ac. Il s\u2019agit de 4 parcs d\u2019activit\u00e9s situ\u00e9s \u00e0 Bordeaux, Toulouse, Chalifert et Trappes, et de 3 immeubles de bureaux localis\u00e9s \u00e0 Aix-en-Provence et Bordeaux.<\/p>\n\n\n\n<figure class=\"wp-block-image size-full actu-tableau\"><img loading=\"lazy\" decoding=\"async\" width=\"1200\" height=\"200\" src=\"https:\/\/nostromo.fr\/Inea\/wp-content\/uploads\/2026\/01\/CP_INEA_CA-2025_tableau-2.jpg\" alt=\"\" class=\"wp-image-12123\" srcset=\"https:\/\/nostromo.fr\/Inea\/wp-content\/uploads\/2026\/01\/CP_INEA_CA-2025_tableau-2.jpg 1200w, https:\/\/nostromo.fr\/Inea\/wp-content\/uploads\/2026\/01\/CP_INEA_CA-2025_tableau-2-300x50.jpg 300w, https:\/\/nostromo.fr\/Inea\/wp-content\/uploads\/2026\/01\/CP_INEA_CA-2025_tableau-2-1024x171.jpg 1024w, https:\/\/nostromo.fr\/Inea\/wp-content\/uploads\/2026\/01\/CP_INEA_CA-2025_tableau-2-768x128.jpg 768w\" sizes=\"auto, (max-width: 1200px) 100vw, 1200px\" \/><\/figure>\n\n\n\n<p>Leur contribution sur l\u2019exercice 2025 a cependant \u00e9t\u00e9 frein\u00e9e par un contexte de march\u00e9 locatif atone, tr\u00e8s impact\u00e9 par l\u2019instabilit\u00e9 politique en France.<\/p>\n\n\n\n<p>L\u2019arriv\u00e9e \u00e0 terme du pipeline de VEFA et l\u2019augmentation du volume d\u2019arbitrages en 2025 expliquent le ralentissement de la croissance des revenus locatifs par rapport aux exercices pr\u00e9c\u00e9dents.<\/p>\n\n\n\n<p>Dans les semestres \u00e0 venir, le principal levier de croissance r\u00e9sidera dans la commercialisation des derni\u00e8res VEFA livr\u00e9es&nbsp;: des immeubles neufs, performants au niveau environnemental, adapt\u00e9s aux nouveaux modes d\u2019organisation du travail et aux loyers attractifs, qui devraient donc pleinement profiter de la reprise du march\u00e9 locatif, dans un contexte par ailleurs marqu\u00e9 par une p\u00e9nurie d\u2019offre neuve en R\u00e9gions et des taux de vacance dans les principales m\u00e9tropoles r\u00e9gionales qui se maintiennent \u00e0 des niveaux particuli\u00e8rement bas (6,5 % en moyenne<a href=\"#_ftn2\" id=\"_ftnref2\">[2]<\/a>).<\/p>\n\n\n\n<p>La Soci\u00e9t\u00e9 pr\u00e9sentera ses R\u00e9sultats 2025 le mardi 17 f\u00e9vrier 2026&nbsp;:<\/p>\n\n\n\n<ul class=\"wp-block-list\">\n<li>En pr\u00e9sentiel \u00e0 9h au Park Hyatt Vend\u00f4me, 5 rue de la Paix, 75002 Paris (inscription obligatoire \u00e0 <a href=\"mailto:contact@fonciere-inea.com\">contact@fonciere-inea.com<\/a>)&nbsp;;<\/li>\n\n\n\n<li>En webcast \u00e0 14h30&nbsp;: <a href=\"https:\/\/fonciere-inea.engagestream.companywebcast.com\/2026-02-17--inearesultatsannuels2025\">https:\/\/fonciere-inea.engagestream.companywebcast.com\/2026-02-17&#8211;inearesultatsannuels2025<\/a><br><br><br><br><\/li>\n<\/ul>\n\n\n\n<p><a href=\"https:\/\/nostromo.fr\/Inea\/wp-content\/uploads\/2026\/01\/CP_INEA_CA-2025_VF2.pdf\" target=\"_blank\" rel=\"noreferrer noopener\">T\u00e9l\u00e9charger le communiqu\u00e9<\/a><br><br><\/p>\n\n\n\n<p><a href=\"#_ftnref1\" id=\"_ftn1\">[1]<\/a> <em>Chiffre non audit\u00e9<\/em><\/p>\n\n\n\n<p><a href=\"#_ftnref2\" id=\"_ftn2\">[2]<\/a> <em>BNP Paribas Real Estate &#8211; \u00a0\u00bb March\u00e9 des utilisateurs \u00a0\u00bb &#8211; R\u00e9gions 7 villes &#8211; T3 2025<\/em><\/p>\n\n\n\n<p><\/p>\n","protected":false},"excerpt":{"rendered":"<p>INEA (ISIN\u00a0: FR0010341032), acteur de r\u00e9f\u00e9rence de l\u2019immobilier tertiaire en R\u00e9gions et leader du Green Building, enregistre 81,5 M\u20ac[1] de revenus locatifs bruts sur l\u2019exercice 2025, un chiffre en hausse [&hellip;]<\/p>\n","protected":false},"author":3,"featured_media":0,"comment_status":"closed","ping_status":"closed","sticky":false,"template":"","format":"standard","meta":{"_acf_changed":false,"inline_featured_image":false,"footnotes":""},"categories":[1],"tags":[],"class_list":["post-12121","post","type-post","status-publish","format-standard","hentry","category-communiques"],"acf":[],"_links":{"self":[{"href":"https:\/\/nostromo.fr\/Inea\/wp-json\/wp\/v2\/posts\/12121","targetHints":{"allow":["GET"]}}],"collection":[{"href":"https:\/\/nostromo.fr\/Inea\/wp-json\/wp\/v2\/posts"}],"about":[{"href":"https:\/\/nostromo.fr\/Inea\/wp-json\/wp\/v2\/types\/post"}],"author":[{"embeddable":true,"href":"https:\/\/nostromo.fr\/Inea\/wp-json\/wp\/v2\/users\/3"}],"replies":[{"embeddable":true,"href":"https:\/\/nostromo.fr\/Inea\/wp-json\/wp\/v2\/comments?post=12121"}],"version-history":[{"count":6,"href":"https:\/\/nostromo.fr\/Inea\/wp-json\/wp\/v2\/posts\/12121\/revisions"}],"predecessor-version":[{"id":12136,"href":"https:\/\/nostromo.fr\/Inea\/wp-json\/wp\/v2\/posts\/12121\/revisions\/12136"}],"wp:attachment":[{"href":"https:\/\/nostromo.fr\/Inea\/wp-json\/wp\/v2\/media?parent=12121"}],"wp:term":[{"taxonomy":"category","embeddable":true,"href":"https:\/\/nostromo.fr\/Inea\/wp-json\/wp\/v2\/categories?post=12121"},{"taxonomy":"post_tag","embeddable":true,"href":"https:\/\/nostromo.fr\/Inea\/wp-json\/wp\/v2\/tags?post=12121"}],"curies":[{"name":"wp","href":"https:\/\/api.w.org\/{rel}","templated":true}]}}