{"id":8709,"date":"2021-07-02T15:29:35","date_gmt":"2021-07-02T13:29:35","guid":{"rendered":"https:\/\/nostromo.fr\/Inea\/?p=8709"},"modified":"2021-07-02T15:33:58","modified_gmt":"2021-07-02T13:33:58","slug":"location-en-totalite-de-vision-a-strasbourg","status":"publish","type":"post","link":"https:\/\/nostromo.fr\/Inea\/location-en-totalite-de-vision-a-strasbourg\/","title":{"rendered":"Location en totalit\u00e9 de Vision \u00e0 Strasbourg"},"content":{"rendered":"\n<div class=\"wp-block-image\"><figure class=\"alignleft size-medium\"><img loading=\"lazy\" decoding=\"async\" width=\"225\" height=\"300\" src=\"https:\/\/nostromo.fr\/Inea\/wp-content\/uploads\/2021\/07\/Foncie\u0300reINEA-Vision1-225x300.jpg\" alt=\"\" class=\"wp-image-8722\" srcset=\"https:\/\/nostromo.fr\/Inea\/wp-content\/uploads\/2021\/07\/Foncie\u0300reINEA-Vision1-225x300.jpg 225w, https:\/\/nostromo.fr\/Inea\/wp-content\/uploads\/2021\/07\/Foncie\u0300reINEA-Vision1-768x1024.jpg 768w, https:\/\/nostromo.fr\/Inea\/wp-content\/uploads\/2021\/07\/Foncie\u0300reINEA-Vision1-1152x1536.jpg 1152w, https:\/\/nostromo.fr\/Inea\/wp-content\/uploads\/2021\/07\/Foncie\u0300reINEA-Vision1.jpg 1224w\" sizes=\"auto, (max-width: 225px) 100vw, 225px\" \/><\/figure><\/div>\n\n\n\n<p>Avec la prise \u00e0 bail de 4 159 m<sup>2<\/sup> par le groupe Cr\u00e9dit mutuel alliance f\u00e9d\u00e9rale, notre immeuble Vision \u00e0 Strasbourg est aujourd&rsquo;hui lou\u00e9 en totalit\u00e9. Les \u00e9quipes du groupe vont ainsi rejoindre celles de la Caisse des d\u00e9p\u00f4ts et consignations. Construit par Nexity, Vision (5 223 m<sup>2<\/sup> en R+7, avec mezzanine au dernier \u00e9tage) est implant\u00e9 au c\u0153ur du quartier Archipel, plus pr\u00e9cis\u00e9ment dans le quartier d&rsquo;affaires de Wacken, \u00e0 proximit\u00e9 du parlement europ\u00e9en.&nbsp;<\/p>\n\n\n\n<p>\u00ab Le fait que Vision soit \u00e0 pr\u00e9sent totalement lou\u00e9 malgr\u00e9 deux confinements depuis sa livraison en novembre 2020 prouve que des ouvrages tr\u00e8s bien plac\u00e9s, performants sur le plan environnemental et con\u00e7us pour le bien-\u00eatre des locataires, comme le sont les immeubles d&rsquo;INEA, s\u00e9duiront toujours des utilisateurs \u00bb, estime Arline Gaujal-Kempler, Directrice g\u00e9n\u00e9rale d\u00e9l\u00e9gu\u00e9e de la fonci\u00e8re.<\/p>\n\n\n\n<p>La transaction a \u00e9t\u00e9 r\u00e9alis\u00e9e par Rive Gauche CBRE.<\/p>\n\n\n\n<p><a rel=\"noreferrer noopener\" href=\"https:\/\/nostromo.fr\/Inea\/actifs\/vision\/\" data-type=\"URL\" data-id=\"https:\/\/nostromo.fr\/Inea\/actifs\/vision\/\" target=\"_blank\">Plus de d\u00e9tails sur l&rsquo;immeuble Vision<\/a><\/p>\n","protected":false},"excerpt":{"rendered":"<p>Avec la prise \u00e0 bail de 4 159 m2 par le groupe Cr\u00e9dit mutuel alliance f\u00e9d\u00e9rale, notre immeuble Vision \u00e0 Strasbourg est aujourd&rsquo;hui lou\u00e9 en totalit\u00e9. Les \u00e9quipes du groupe [&hellip;]<\/p>\n","protected":false},"author":3,"featured_media":0,"comment_status":"closed","ping_status":"closed","sticky":false,"template":"","format":"standard","meta":{"_acf_changed":false,"inline_featured_image":false,"footnotes":""},"categories":[197],"tags":[],"class_list":["post-8709","post","type-post","status-publish","format-standard","hentry","category-actualite"],"acf":[],"_links":{"self":[{"href":"https:\/\/nostromo.fr\/Inea\/wp-json\/wp\/v2\/posts\/8709","targetHints":{"allow":["GET"]}}],"collection":[{"href":"https:\/\/nostromo.fr\/Inea\/wp-json\/wp\/v2\/posts"}],"about":[{"href":"https:\/\/nostromo.fr\/Inea\/wp-json\/wp\/v2\/types\/post"}],"author":[{"embeddable":true,"href":"https:\/\/nostromo.fr\/Inea\/wp-json\/wp\/v2\/users\/3"}],"replies":[{"embeddable":true,"href":"https:\/\/nostromo.fr\/Inea\/wp-json\/wp\/v2\/comments?post=8709"}],"version-history":[{"count":11,"href":"https:\/\/nostromo.fr\/Inea\/wp-json\/wp\/v2\/posts\/8709\/revisions"}],"predecessor-version":[{"id":8721,"href":"https:\/\/nostromo.fr\/Inea\/wp-json\/wp\/v2\/posts\/8709\/revisions\/8721"}],"wp:attachment":[{"href":"https:\/\/nostromo.fr\/Inea\/wp-json\/wp\/v2\/media?parent=8709"}],"wp:term":[{"taxonomy":"category","embeddable":true,"href":"https:\/\/nostromo.fr\/Inea\/wp-json\/wp\/v2\/categories?post=8709"},{"taxonomy":"post_tag","embeddable":true,"href":"https:\/\/nostromo.fr\/Inea\/wp-json\/wp\/v2\/tags?post=8709"}],"curies":[{"name":"wp","href":"https:\/\/api.w.org\/{rel}","templated":true}]}}