{"id":8885,"date":"2021-10-07T07:55:00","date_gmt":"2021-10-07T05:55:00","guid":{"rendered":"https:\/\/nostromo.fr\/Inea\/?p=8885"},"modified":"2021-10-06T13:32:40","modified_gmt":"2021-10-06T11:32:40","slug":"poursuite-de-la-dynamique-de-croissance-du-chiffre-daffaires-13-sur-les-neuf-premiers-mois-de-lannee","status":"publish","type":"post","link":"https:\/\/nostromo.fr\/Inea\/poursuite-de-la-dynamique-de-croissance-du-chiffre-daffaires-13-sur-les-neuf-premiers-mois-de-lannee\/","title":{"rendered":"Poursuite de la dynamique de croissance du chiffre d\u2019affaires : +13% sur les neuf premiers mois de l&rsquo;ann\u00e9e"},"content":{"rendered":"\n<p>INEA (ISIN\u00a0: FR0010341032), sp\u00e9cialiste de l\u2019immobilier de bureaux neufs en R\u00e9gions et leader du Green Building, pr\u00e9sente aujourd\u2019hui son chiffre d\u2019affaires consolid\u00e9 du 3<sup>\u00e8me<\/sup> trimestre et des 9 premiers mois de l\u2019exercice en cours, clos au 30 septembre 2021.<\/p>\n\n\n\n<div class=\"wp-block-image\"><figure class=\"aligncenter size-full is-resized\"><img loading=\"lazy\" decoding=\"async\" src=\"https:\/\/nostromo.fr\/Inea\/wp-content\/uploads\/2021\/10\/INEA-cp-2021-10-07-tab-2.jpg\" alt=\"\" class=\"wp-image-8886\" width=\"600\" height=\"156\" srcset=\"https:\/\/nostromo.fr\/Inea\/wp-content\/uploads\/2021\/10\/INEA-cp-2021-10-07-tab-2.jpg 1200w, https:\/\/nostromo.fr\/Inea\/wp-content\/uploads\/2021\/10\/INEA-cp-2021-10-07-tab-2-300x78.jpg 300w, https:\/\/nostromo.fr\/Inea\/wp-content\/uploads\/2021\/10\/INEA-cp-2021-10-07-tab-2-1024x266.jpg 1024w, https:\/\/nostromo.fr\/Inea\/wp-content\/uploads\/2021\/10\/INEA-cp-2021-10-07-tab-2-768x200.jpg 768w\" sizes=\"auto, (max-width: 600px) 100vw, 600px\" \/><\/figure><\/div>\n\n\n\n<p>Au 3<sup>\u00e8me<\/sup> trimestre, INEA a enregistr\u00e9 un chiffre d\u2019affaires de 13,1 M\u20ac, en progression de 11,5% par rapport au 3<sup>\u00e8me<\/sup> trimestre 2020.<\/p>\n\n\n\n<p>Sur les 9 premiers mois de l\u2019ann\u00e9e, le chiffre d\u2019affaires s\u2019\u00e9tablit \u00e0 39,0 M\u20ac, en hausse de 13,1% par rapport \u00e0 la m\u00eame p\u00e9riode de l\u2019exercice pr\u00e9c\u00e9dent.<\/p>\n\n\n\n<p>Cette hausse est principalement li\u00e9e \u00e0 l\u2019entr\u00e9e en exploitation de 10 nouveaux immeubles au cours des douze derniers mois, qui ont g\u00e9n\u00e9r\u00e9 4,4 M\u20ac de revenus suppl\u00e9mentaires. Elle r\u00e9sulte \u00e9galement d\u2019une \u00e9volution positive des loyers \u00e0 p\u00e9rim\u00e8tre constant, de 3% hors impact des franchises (et de 3,9% avec).<\/p>\n\n\n\n<div class=\"wp-block-image\"><figure class=\"aligncenter size-full is-resized\"><img loading=\"lazy\" decoding=\"async\" src=\"https:\/\/nostromo.fr\/Inea\/wp-content\/uploads\/2021\/10\/INEA-cp-2021-10-07-tab-1.jpg\" alt=\"\" class=\"wp-image-8887\" width=\"600\" height=\"210\" srcset=\"https:\/\/nostromo.fr\/Inea\/wp-content\/uploads\/2021\/10\/INEA-cp-2021-10-07-tab-1.jpg 1200w, https:\/\/nostromo.fr\/Inea\/wp-content\/uploads\/2021\/10\/INEA-cp-2021-10-07-tab-1-300x105.jpg 300w, https:\/\/nostromo.fr\/Inea\/wp-content\/uploads\/2021\/10\/INEA-cp-2021-10-07-tab-1-1024x358.jpg 1024w, https:\/\/nostromo.fr\/Inea\/wp-content\/uploads\/2021\/10\/INEA-cp-2021-10-07-tab-1-768x269.jpg 768w\" sizes=\"auto, (max-width: 600px) 100vw, 600px\" \/><\/figure><\/div>\n\n\n\n<p>L\u2019activit\u00e9 du 3<sup>\u00e8me<\/sup> trimestre a \u00e9galement \u00e9t\u00e9 marqu\u00e9 par la signature d\u2019une nouvelle acquisition en VEFA portant sur un immeuble de 9.396 m\u00b2 en structure bois massif situ\u00e9 \u00e0 M\u00e9rignac (<a href=\"https:\/\/nostromo.fr\/Inea\/inea-acquiert-aupres-daventim-la-vefa-arko-a-merignac-33\/\">lire l\u2019article sur notre site<\/a>), et par la signature d\u2019un financement vert (Green Loan) de 100 M\u20ac innovant, car align\u00e9 avec la taxonomie europ\u00e9enne et les objectifs du dispositif eco-\u00e9nergie tertiaire (<a href=\"https:\/\/nostromo.fr\/Inea\/inea-signe-un-green-loan-de-100-me-aligne-avec-la-taxonomie-europeenne-et-les-objectifs-du-dispositif-eco-energie-tertiaire\/\">lire l\u2019article sur notre site<\/a>).<\/p>\n\n\n\n<p><\/p>\n\n\n\n<p><a href=\"https:\/\/nostromo.fr\/Inea\/wp-content\/uploads\/2021\/10\/CP_INEA_CA-T3-2021.pdf\" target=\"_blank\" rel=\"noreferrer noopener\">T\u00e9l\u00e9charger le communiqu\u00e9<\/a><\/p>\n","protected":false},"excerpt":{"rendered":"<p>INEA (ISIN\u00a0: FR0010341032), sp\u00e9cialiste de l\u2019immobilier de bureaux neufs en R\u00e9gions et leader du Green Building, pr\u00e9sente aujourd\u2019hui son chiffre d\u2019affaires consolid\u00e9 du 3\u00e8me trimestre et des 9 premiers mois [&hellip;]<\/p>\n","protected":false},"author":3,"featured_media":0,"comment_status":"closed","ping_status":"closed","sticky":false,"template":"","format":"standard","meta":{"_acf_changed":false,"inline_featured_image":false,"footnotes":""},"categories":[1],"tags":[],"class_list":["post-8885","post","type-post","status-publish","format-standard","hentry","category-communiques"],"acf":[],"_links":{"self":[{"href":"https:\/\/nostromo.fr\/Inea\/wp-json\/wp\/v2\/posts\/8885","targetHints":{"allow":["GET"]}}],"collection":[{"href":"https:\/\/nostromo.fr\/Inea\/wp-json\/wp\/v2\/posts"}],"about":[{"href":"https:\/\/nostromo.fr\/Inea\/wp-json\/wp\/v2\/types\/post"}],"author":[{"embeddable":true,"href":"https:\/\/nostromo.fr\/Inea\/wp-json\/wp\/v2\/users\/3"}],"replies":[{"embeddable":true,"href":"https:\/\/nostromo.fr\/Inea\/wp-json\/wp\/v2\/comments?post=8885"}],"version-history":[{"count":9,"href":"https:\/\/nostromo.fr\/Inea\/wp-json\/wp\/v2\/posts\/8885\/revisions"}],"predecessor-version":[{"id":8898,"href":"https:\/\/nostromo.fr\/Inea\/wp-json\/wp\/v2\/posts\/8885\/revisions\/8898"}],"wp:attachment":[{"href":"https:\/\/nostromo.fr\/Inea\/wp-json\/wp\/v2\/media?parent=8885"}],"wp:term":[{"taxonomy":"category","embeddable":true,"href":"https:\/\/nostromo.fr\/Inea\/wp-json\/wp\/v2\/categories?post=8885"},{"taxonomy":"post_tag","embeddable":true,"href":"https:\/\/nostromo.fr\/Inea\/wp-json\/wp\/v2\/tags?post=8885"}],"curies":[{"name":"wp","href":"https:\/\/api.w.org\/{rel}","templated":true}]}}