{"id":9246,"date":"2021-12-16T16:11:51","date_gmt":"2021-12-16T15:11:51","guid":{"rendered":"https:\/\/nostromo.fr\/Inea\/?p=9246"},"modified":"2021-12-16T16:11:56","modified_gmt":"2021-12-16T15:11:56","slug":"inea-acquiert-aupres-de-nge-immobilier-limmeuble-cyber-place-dans-la-metropole-rennaise","status":"publish","type":"post","link":"https:\/\/nostromo.fr\/Inea\/inea-acquiert-aupres-de-nge-immobilier-limmeuble-cyber-place-dans-la-metropole-rennaise\/","title":{"rendered":"INEA acquiert aupr\u00e8s de NGE Immobilier l\u2019immeuble Cyber Place dans la m\u00e9tropole rennaise"},"content":{"rendered":"\n<p>INEA, sp\u00e9cialiste de l\u2019immobilier de bureaux neuf en R\u00e9gions et leader du green building, annonce l\u2019acquisition, aupr\u00e8s de NGE Immobilier et en copropri\u00e9t\u00e9 avec Rennes M\u00e9tropole, de l\u2019immeuble Cyber Place situ\u00e9 dans la ZAC Atalante-ViaSilva, \u00e0 cheval entre Rennes et Cesson-S\u00e9vign\u00e9. INEA d\u00e9tient 83 % de l\u2019ouvrage, et Rennes M\u00e9tropole 17 % (le deuxi\u00e8me \u00e9tage). &nbsp;<\/p>\n\n\n\n<p>Con\u00e7u par l\u2019architecte Alfonso Femia, cet immeuble derni\u00e8re g\u00e9n\u00e9ration de 7 804&nbsp;m<sup>2<\/sup> b\u00e9n\u00e9ficie d\u2019un am\u00e9nagement sp\u00e9cifique suivant les recommandations de la Direction g\u00e9n\u00e9rale de la s\u00e9curit\u00e9 int\u00e9rieure (DGSI), qui le rend parfaitement adapt\u00e9 aux besoins des entreprises \u00e9voluant dans le secteur de la cybers\u00e9curit\u00e9. Il sera labellis\u00e9 WiredScore \u00e0 sa livraison, pr\u00e9vue au 4<sup>\u00e8me<\/sup> trimestre 2023.<\/p>\n\n\n\n<p>Cyber Place est d\u2019ores et d\u00e9j\u00e0 pr\u00e9-lou\u00e9 \u00e0 pr\u00e8s de 70 %.<\/p>\n\n\n\n<div class=\"wp-block-image is-style-default\"><figure class=\"aligncenter size-large\"><img loading=\"lazy\" decoding=\"async\" width=\"1024\" height=\"711\" src=\"https:\/\/nostromo.fr\/Inea\/wp-content\/uploads\/2021\/12\/INEA-Rennes-Cyber-Place-web-1024x711.jpg\" alt=\"\" class=\"wp-image-9244\" srcset=\"https:\/\/nostromo.fr\/Inea\/wp-content\/uploads\/2021\/12\/INEA-Rennes-Cyber-Place-web-1024x711.jpg 1024w, https:\/\/nostromo.fr\/Inea\/wp-content\/uploads\/2021\/12\/INEA-Rennes-Cyber-Place-web-300x208.jpg 300w, https:\/\/nostromo.fr\/Inea\/wp-content\/uploads\/2021\/12\/INEA-Rennes-Cyber-Place-web-768x533.jpg 768w, https:\/\/nostromo.fr\/Inea\/wp-content\/uploads\/2021\/12\/INEA-Rennes-Cyber-Place-web.jpg 1200w\" sizes=\"auto, (max-width: 1024px) 100vw, 1024px\" \/><\/figure><\/div>\n\n\n\n<p><em>\u00ab&nbsp;Nous sommes particuli\u00e8rement fiers d\u2019int\u00e9grer Cyber Place dans notre patrimoine, <\/em>d\u00e9clare Arline Gaujal-Kempler, Directrice g\u00e9n\u00e9rale d\u00e9l\u00e9gu\u00e9e d\u2019INEA. <em>Voil\u00e0 un immeuble qui r\u00e9ussit le pari d\u2019\u00eatre \u00e0 la fois high-tech et ouvert, puisqu\u2019il abritera \u00e0 sa livraison des entreprises de cybers\u00e9curit\u00e9 et des espaces de coworking. Malgr\u00e9 les contraintes impos\u00e9es par son profil cybers\u00e9curit\u00e9, il a \u00e9t\u00e9 con\u00e7u pour le bien-\u00eatre et le confort de ses occupants, avec de nombreux services&nbsp;: caf\u00e9 et restauration, espaces partag\u00e9s, auditorium, salle de sport, rooftop\u2026 Il pr\u00e9sente aussi l\u2019avantage d\u2019\u00eatre bien desservi, le m\u00e9tro \u00e9tant \u00e0 5&nbsp;minutes. En nous positionnant sur l\u2019immeuble Cyber Place, nous contribuons \u00e0 notre \u00e9chelle \u00e0 renforcer la position de Rennes comme place forte de la cybers\u00e9curit\u00e9.&nbsp;\u00bb<\/em><\/p>\n\n\n\n<p><em>\u00ab&nbsp;Nous sommes tr\u00e8s heureux d\u2019avoir conclu la Vente en l\u2019Etat Futur d\u2019Ach\u00e8vement du Cyber Place avec notre partenaire Fonci\u00e8re INEA. Cet immeuble d\u2019une surface de 7&nbsp;804 m\u00b2&nbsp;illustre parfaitement les nouvelles fa\u00e7ons de travailler permettant aux espaces de devenir des lieux hybrides aux vocations multiples tout en tenant compte des enjeux majeurs de cybers\u00e9curit\u00e9 auxquels sont confront\u00e9es les entreprises. L\u2019architecte Alfonso Femia que nous avons retenu pour ce projet en a pris toute la mesure et nous permet de cr\u00e9er un lieu iconique et identifiable pour l\u2019\u00e9cosyst\u00e8me digital de Rennes M\u00e9tropole.&nbsp;\u00bb <\/em>David Taglioni, Directeur G\u00e9n\u00e9ral de NGE Immobilier.<\/p>\n\n\n\n<p><\/p>\n\n\n\n<p><a href=\"https:\/\/nostromo.fr\/Inea\/wp-content\/uploads\/2021\/12\/CP_Rennes_CyberPlace_161221.pdf\" target=\"_blank\" rel=\"noreferrer noopener\">T\u00e9l\u00e9charger le communiqu\u00e9 de presse<\/a><\/p>\n","protected":false},"excerpt":{"rendered":"<p>INEA, sp\u00e9cialiste de l\u2019immobilier de bureaux neuf en R\u00e9gions et leader du green building, annonce l\u2019acquisition, aupr\u00e8s de NGE Immobilier et en copropri\u00e9t\u00e9 avec Rennes M\u00e9tropole, de l\u2019immeuble Cyber Place [&hellip;]<\/p>\n","protected":false},"author":3,"featured_media":0,"comment_status":"closed","ping_status":"closed","sticky":false,"template":"","format":"standard","meta":{"_acf_changed":false,"inline_featured_image":false,"footnotes":""},"categories":[1],"tags":[],"class_list":["post-9246","post","type-post","status-publish","format-standard","hentry","category-communiques"],"acf":[],"_links":{"self":[{"href":"https:\/\/nostromo.fr\/Inea\/wp-json\/wp\/v2\/posts\/9246","targetHints":{"allow":["GET"]}}],"collection":[{"href":"https:\/\/nostromo.fr\/Inea\/wp-json\/wp\/v2\/posts"}],"about":[{"href":"https:\/\/nostromo.fr\/Inea\/wp-json\/wp\/v2\/types\/post"}],"author":[{"embeddable":true,"href":"https:\/\/nostromo.fr\/Inea\/wp-json\/wp\/v2\/users\/3"}],"replies":[{"embeddable":true,"href":"https:\/\/nostromo.fr\/Inea\/wp-json\/wp\/v2\/comments?post=9246"}],"version-history":[{"count":4,"href":"https:\/\/nostromo.fr\/Inea\/wp-json\/wp\/v2\/posts\/9246\/revisions"}],"predecessor-version":[{"id":9251,"href":"https:\/\/nostromo.fr\/Inea\/wp-json\/wp\/v2\/posts\/9246\/revisions\/9251"}],"wp:attachment":[{"href":"https:\/\/nostromo.fr\/Inea\/wp-json\/wp\/v2\/media?parent=9246"}],"wp:term":[{"taxonomy":"category","embeddable":true,"href":"https:\/\/nostromo.fr\/Inea\/wp-json\/wp\/v2\/categories?post=9246"},{"taxonomy":"post_tag","embeddable":true,"href":"https:\/\/nostromo.fr\/Inea\/wp-json\/wp\/v2\/tags?post=9246"}],"curies":[{"name":"wp","href":"https:\/\/api.w.org\/{rel}","templated":true}]}}